{"id":2656,"date":"2025-09-23T13:25:32","date_gmt":"2025-09-23T12:25:32","guid":{"rendered":"https:\/\/www.magnihill.se\/dk\/?p=2656"},"modified":"2025-09-23T13:27:03","modified_gmt":"2025-09-23T12:27:03","slug":"horkram-kulinarisk-madmesse-d-1-2-okt","status":"publish","type":"post","link":"https:\/\/www.magnihill.se\/dk\/horkram-kulinarisk-madmesse-d-1-2-okt\/","title":{"rendered":"H\u00f8rkram Kulinarisk madmesse d. 1-2 okt"},"content":{"rendered":"\n<h5 data-start=\"111\" data-end=\"324\">Kom forbi vores stand og lad dig inspirere af vores frosne gr\u00f8ntsager, frugt og b\u00e6r. Hos os kan du smage p\u00e5 l\u00e6kre retter tilberedt med fokus p\u00e5 b\u00e5de kvalitet, \u00f8kologi og b\u00e6redygtighed.<\/h5>\n<p data-start=\"326\" data-end=\"437\">Vi tror p\u00e5, at fremtidens mad er b\u00e5de gr\u00f8n og frossen \u2013 fordi det bevarer smag, n\u00e6ring og reducerer madspild.<\/p>\n<p data-start=\"439\" data-end=\"589\">\ud83d\udc49 <a href=\"https:\/\/www.hoka.dk\/da-dk\/messer\/madmesse?at_campaign=26069&cmp=26069-Info+om+messe&cmp_med=promotiontile-desktop-da-dk\" target=\"_blank\" rel=\"noopener\">Kig forbi vores stand 193<\/a>, smag p\u00e5 \u00f8kologiske nyheder og tag en snak med os om, hvordan dybfrossen mad kan v\u00e6re en del af en mere b\u00e6redygtig hverdag.<\/p>\n<p data-start=\"591\" data-end=\"620\"><strong>Vi gl\u00e6der os til at se dig i stand 193 p\u00e5 Fredericia! \ud83c\udf31<br><\/strong><strong><br>\ud83d\udccdFredericia Messe C, stand 193<br>\ud83d\udcc6 1-2. okt | 10:00 \u2013 17:00\u00a0<\/strong><\/p>\n","protected":false},"excerpt":{"rendered":"<p>Kom forbi vores stand og lad dig inspirere af vores frosne gr\u00f8ntsager, frugt og b\u00e6r. Hos os kan du smage p\u00e5 l\u00e6kre retter tilberedt med fokus p\u00e5 b\u00e5de kvalitet, \u00f8kologi og b\u00e6redygtighed. Vi tror p\u00e5, at fremtidens mad er b\u00e5de gr\u00f8n og frossen \u2013 fordi det bevarer smag, n\u00e6ring og reducerer madspild. \ud83d\udc49 Kig forbi vores stand 193, smag p\u00e5 \u00f8kologiske nyheder og tag en snak med os om, hvordan dybfrossen mad kan v\u00e6re en del af en mere b\u00e6redygtig hverdag. Vi gl\u00e6der os til at se dig i stand 193 p\u00e5 Fredericia! \ud83c\udf31\ud83d\udccdFredericia Messe C, stand 193\ud83d\udcc6 1-2. okt | 10:00 \u2013 17:00\u00a0<\/p>\n","protected":false},"author":1,"featured_media":2657,"comment_status":"closed","ping_status":"closed","sticky":false,"template":"","format":"standard","meta":{"footnotes":""},"categories":[5],"tags":[10,45,7,6,4,19,28,18],"class_list":["post-2656","post","type-post","status-publish","format-standard","has-post-thumbnail","hentry","category-messe","tag-danmark","tag-horkram","tag-magnihill","tag-messe","tag-nyheder-2","tag-oko","tag-okologi","tag-okologisk"],"aioseo_notices":[],"_links":{"self":[{"href":"https:\/\/www.magnihill.se\/dk\/wp-json\/wp\/v2\/posts\/2656","targetHints":{"allow":["GET"]}}],"collection":[{"href":"https:\/\/www.magnihill.se\/dk\/wp-json\/wp\/v2\/posts"}],"about":[{"href":"https:\/\/www.magnihill.se\/dk\/wp-json\/wp\/v2\/types\/post"}],"author":[{"embeddable":true,"href":"https:\/\/www.magnihill.se\/dk\/wp-json\/wp\/v2\/users\/1"}],"replies":[{"embeddable":true,"href":"https:\/\/www.magnihill.se\/dk\/wp-json\/wp\/v2\/comments?post=2656"}],"version-history":[{"count":1,"href":"https:\/\/www.magnihill.se\/dk\/wp-json\/wp\/v2\/posts\/2656\/revisions"}],"predecessor-version":[{"id":2658,"href":"https:\/\/www.magnihill.se\/dk\/wp-json\/wp\/v2\/posts\/2656\/revisions\/2658"}],"wp:featuredmedia":[{"embeddable":true,"href":"https:\/\/www.magnihill.se\/dk\/wp-json\/wp\/v2\/media\/2657"}],"wp:attachment":[{"href":"https:\/\/www.magnihill.se\/dk\/wp-json\/wp\/v2\/media?parent=2656"}],"wp:term":[{"taxonomy":"category","embeddable":true,"href":"https:\/\/www.magnihill.se\/dk\/wp-json\/wp\/v2\/categories?post=2656"},{"taxonomy":"post_tag","embeddable":true,"href":"https:\/\/www.magnihill.se\/dk\/wp-json\/wp\/v2\/tags?post=2656"}],"curies":[{"name":"wp","href":"https:\/\/api.w.org\/{rel}","templated":true}]}}