{"id":2638,"date":"2025-09-15T13:21:36","date_gmt":"2025-09-15T12:21:36","guid":{"rendered":"https:\/\/www.magnihill.se\/dk\/?p=2638"},"modified":"2025-09-15T13:43:09","modified_gmt":"2025-09-15T12:43:09","slug":"vi-ses-pa-cateringmesse-syd-d-17-september","status":"publish","type":"post","link":"https:\/\/www.magnihill.se\/dk\/vi-ses-pa-cateringmesse-syd-d-17-september\/","title":{"rendered":"Vi ses p\u00e5 Cateringmesse Syd den 17. september i stand 118"},"content":{"rendered":"\n<h5 data-start=\"111\" data-end=\"324\">Kom forbi vores stand og lad dig inspirere af vores frosne gr\u00f8ntsager, frugt og b\u00e6r. Hos os kan du smage p\u00e5 l\u00e6kre retter tilberedt med fokus p\u00e5 b\u00e5de kvalitet, \u00f8kologi og b\u00e6redygtighed.<\/h5>\n<p data-start=\"326\" data-end=\"437\">Vi tror p\u00e5, at fremtidens mad er b\u00e5de gr\u00f8n og frossen \u2013 fordi det bevarer smag, n\u00e6ring og reducerer madspild.<\/p>\n<p data-start=\"439\" data-end=\"589\">\ud83d\udc49 <a href=\"https:\/\/cateringmessesyd.dk\" target=\"_blank\" rel=\"noopener\">Kig forbi vores stand 118<\/a>, smag p\u00e5 \u00f8kologiske nyheder og tag en snak med os om, hvordan dybfrossen mad kan v\u00e6re en del af en mere b\u00e6redygtig hverdag.<\/p>\n<p data-start=\"591\" data-end=\"620\"><strong>Vi gl\u00e6der os til at se dig i stand 118 p\u00e5 Cateringmesse Syd! \ud83c\udf31<br><\/strong><strong><br>\ud83d\udccdOdense Congress Center, stand 118<br>\ud83d\udcc6 17. September 2025 | 09:00 \u2013 18:00\u00a0<\/strong><\/p>\n","protected":false},"excerpt":{"rendered":"<p>Kom forbi vores stand og lad dig inspirere af vores frosne gr\u00f8ntsager, frugt og b\u00e6r. Hos os kan du smage p\u00e5 l\u00e6kre retter tilberedt med fokus p\u00e5 b\u00e5de kvalitet, \u00f8kologi og b\u00e6redygtighed. Vi tror p\u00e5, at fremtidens mad er b\u00e5de gr\u00f8n og frossen \u2013 fordi det bevarer smag, n\u00e6ring og reducerer madspild. \ud83d\udc49 Kig forbi vores stand 118, smag p\u00e5 \u00f8kologiske nyheder og tag en snak med os om, hvordan dybfrossen mad kan v\u00e6re en del af en mere b\u00e6redygtig hverdag. Vi gl\u00e6der os til at se dig i stand 118 p\u00e5 Cateringmesse Syd! \ud83c\udf31\ud83d\udccdOdense Congress Center, stand 118\ud83d\udcc6 17. September 2025 | 09:00 \u2013 18:00\u00a0<\/p>\n","protected":false},"author":1,"featured_media":2639,"comment_status":"closed","ping_status":"closed","sticky":false,"template":"","format":"standard","meta":{"footnotes":""},"categories":[5],"tags":[],"class_list":["post-2638","post","type-post","status-publish","format-standard","has-post-thumbnail","hentry","category-messe"],"aioseo_notices":[],"_links":{"self":[{"href":"https:\/\/www.magnihill.se\/dk\/wp-json\/wp\/v2\/posts\/2638","targetHints":{"allow":["GET"]}}],"collection":[{"href":"https:\/\/www.magnihill.se\/dk\/wp-json\/wp\/v2\/posts"}],"about":[{"href":"https:\/\/www.magnihill.se\/dk\/wp-json\/wp\/v2\/types\/post"}],"author":[{"embeddable":true,"href":"https:\/\/www.magnihill.se\/dk\/wp-json\/wp\/v2\/users\/1"}],"replies":[{"embeddable":true,"href":"https:\/\/www.magnihill.se\/dk\/wp-json\/wp\/v2\/comments?post=2638"}],"version-history":[{"count":5,"href":"https:\/\/www.magnihill.se\/dk\/wp-json\/wp\/v2\/posts\/2638\/revisions"}],"predecessor-version":[{"id":2645,"href":"https:\/\/www.magnihill.se\/dk\/wp-json\/wp\/v2\/posts\/2638\/revisions\/2645"}],"wp:featuredmedia":[{"embeddable":true,"href":"https:\/\/www.magnihill.se\/dk\/wp-json\/wp\/v2\/media\/2639"}],"wp:attachment":[{"href":"https:\/\/www.magnihill.se\/dk\/wp-json\/wp\/v2\/media?parent=2638"}],"wp:term":[{"taxonomy":"category","embeddable":true,"href":"https:\/\/www.magnihill.se\/dk\/wp-json\/wp\/v2\/categories?post=2638"},{"taxonomy":"post_tag","embeddable":true,"href":"https:\/\/www.magnihill.se\/dk\/wp-json\/wp\/v2\/tags?post=2638"}],"curies":[{"name":"wp","href":"https:\/\/api.w.org\/{rel}","templated":true}]}}