{"id":2185,"date":"2025-03-05T13:12:00","date_gmt":"2025-03-05T12:12:00","guid":{"rendered":"https:\/\/www.magnihill.se\/dk\/?p=2185"},"modified":"2025-04-08T10:58:04","modified_gmt":"2025-04-08T09:58:04","slug":"bedst-for-ofte-god-efter","status":"publish","type":"post","link":"https:\/\/www.magnihill.se\/dk\/bedst-for-ofte-god-efter\/","title":{"rendered":"Bedst f\u00f8r, ofte god efter"},"content":{"rendered":"\n<p>Vi begynder nu at m\u00e6rke vores produkter med \u00bbBedst f\u00f8r, ofte god efter\u00ab. \ud83c\udf31 Form\u00e5let med m\u00e6rkningen, der er udviklet af den svenske f\u00f8devarestyrelse, er at tydeligg\u00f8re, at mange produkter faktisk holder l\u00e6ngere end bedst f\u00f8r-datoen.<\/p>\n<p>Ved at tydeligg\u00f8re for forbrugerne, at produkter ofte har en l\u00e6ngere holdbarhed, n\u00e5r de opbevares korrekt, vil m\u00e6rkningen bidrage til at reducere madspild. Det gavner b\u00e5de forbrugernes \u00f8konomi og milj\u00f8et.<\/p>\n<p>S\u00e5 se, lugt og smag, om holdbarhedsdatoen er overskredet, f\u00f8r du smider maden ud.<\/p>\n<p>L\u00e6s mere om m\u00e6rkningen her: <a href=\"https:\/\/www.livsmedelsverket.se\/om-oss\/press\/nyheter\/pressmeddelanden\/fa-kanner-till-markningen-bast-fore-ofta-bra-efter\" target=\"_blank\" rel=\"noopener\">https:\/\/www.livsmedelsverket.se\/om-oss\/press\/nyheter\/pressmeddelanden\/fa-kanner-till-markningen-bast-fore-ofta-bra-efter<\/a><\/p>\n","protected":false},"excerpt":{"rendered":"<p>Vi begynder nu at m\u00e6rke vores produkter med \u00bbBedst f\u00f8r, ofte god efter\u00ab. \ud83c\udf31 Form\u00e5let med m\u00e6rkningen, der er udviklet af den svenske f\u00f8devarestyrelse, er at tydeligg\u00f8re, at mange produkter faktisk holder l\u00e6ngere end bedst f\u00f8r-datoen. Ved at tydeligg\u00f8re for forbrugerne, at produkter ofte har en l\u00e6ngere holdbarhed, n\u00e5r de opbevares korrekt, vil m\u00e6rkningen bidrage til at reducere madspild. Det gavner b\u00e5de forbrugernes \u00f8konomi og milj\u00f8et. S\u00e5 se, lugt og smag, om holdbarhedsdatoen er overskredet, f\u00f8r du smider maden ud. L\u00e6s mere om m\u00e6rkningen her: https:\/\/www.livsmedelsverket.se\/om-oss\/press\/nyheter\/pressmeddelanden\/fa-kanner-till-markningen-bast-fore-ofta-bra-efter<\/p>\n","protected":false},"author":1,"featured_media":2186,"comment_status":"closed","ping_status":"closed","sticky":false,"template":"","format":"standard","meta":{"footnotes":""},"categories":[36,3],"tags":[],"class_list":["post-2185","post","type-post","status-publish","format-standard","has-post-thumbnail","hentry","category-magnihill","category-nyheder"],"aioseo_notices":[],"_links":{"self":[{"href":"https:\/\/www.magnihill.se\/dk\/wp-json\/wp\/v2\/posts\/2185","targetHints":{"allow":["GET"]}}],"collection":[{"href":"https:\/\/www.magnihill.se\/dk\/wp-json\/wp\/v2\/posts"}],"about":[{"href":"https:\/\/www.magnihill.se\/dk\/wp-json\/wp\/v2\/types\/post"}],"author":[{"embeddable":true,"href":"https:\/\/www.magnihill.se\/dk\/wp-json\/wp\/v2\/users\/1"}],"replies":[{"embeddable":true,"href":"https:\/\/www.magnihill.se\/dk\/wp-json\/wp\/v2\/comments?post=2185"}],"version-history":[{"count":1,"href":"https:\/\/www.magnihill.se\/dk\/wp-json\/wp\/v2\/posts\/2185\/revisions"}],"predecessor-version":[{"id":2540,"href":"https:\/\/www.magnihill.se\/dk\/wp-json\/wp\/v2\/posts\/2185\/revisions\/2540"}],"wp:featuredmedia":[{"embeddable":true,"href":"https:\/\/www.magnihill.se\/dk\/wp-json\/wp\/v2\/media\/2186"}],"wp:attachment":[{"href":"https:\/\/www.magnihill.se\/dk\/wp-json\/wp\/v2\/media?parent=2185"}],"wp:term":[{"taxonomy":"category","embeddable":true,"href":"https:\/\/www.magnihill.se\/dk\/wp-json\/wp\/v2\/categories?post=2185"},{"taxonomy":"post_tag","embeddable":true,"href":"https:\/\/www.magnihill.se\/dk\/wp-json\/wp\/v2\/tags?post=2185"}],"curies":[{"name":"wp","href":"https:\/\/api.w.org\/{rel}","templated":true}]}}